{"id":7435,"date":"2023-08-06T13:26:41","date_gmt":"2023-08-06T13:26:41","guid":{"rendered":"https:\/\/sonusmag.nl\/?p=7435"},"modified":"2023-11-12T18:17:45","modified_gmt":"2023-11-12T18:17:45","slug":"lamplificateur-marshall-studio-jtm","status":"publish","type":"post","link":"https:\/\/sonusmag.nl\/fr\/lamplificateur-marshall-studio-jtm\/","title":{"rendered":"L'amplificateur Marshall Studio JTM"},"content":{"rendered":"<p><em><strong>Le nouveau Marshall Studio JTM a \u00e9t\u00e9 cr\u00e9\u00e9 pour donner aux guitaristes d'aujourd'hui le m\u00eame son c\u00e9l\u00e8bre, chaud et doux qui a inspir\u00e9 d'innombrables musiciens depuis que le JTM a \u00e9t\u00e9 fabriqu\u00e9 pour la premi\u00e8re fois en 1962.<\/strong><\/em><\/p>\n<p>La s\u00e9rie Studio s'enrichit d'un nouvel ajout comm\u00e9morant le 100e anniversaire de Jim Marshall, qui aurait eu lieu r\u00e9cemment, et du premier amplificateur Marshall.<\/p>\n<p>La nouvelle gamme Studio JTM se compose de quatre produits diff\u00e9rents mais tout aussi remarquables : une t\u00eate de 20W, un ampli combo de 20W, des cabines 1 x 12\u2033 et 2 x 12\u2033, tous stylis\u00e9s avec des d\u00e9tails d'\u00e9poque tels que le c\u00e9l\u00e8bre embl\u00e8me du \"cercueil\" \u00e9maill\u00e9 rouge et la belle frette fauve.<\/p>\n<div id=\"attachment_7436\" style=\"width: 310px\" class=\"wp-caption alignleft\"><a href=\"https:\/\/sonusmag.nl\/wp-content\/uploads\/2023\/11\/jtm-studio-versterker.jpg\" data-rel=\"penci-gallery-image-content\" ><img fetchpriority=\"high\" decoding=\"async\" aria-describedby=\"caption-attachment-7436\" class=\"wp-image-7436 size-medium\" src=\"https:\/\/sonusmag.nl\/wp-content\/uploads\/2023\/11\/jtm-studio-versterker-300x223.jpg\" alt=\"\" width=\"300\" height=\"223\" srcset=\"https:\/\/sonusmag.nl\/wp-content\/uploads\/2023\/11\/jtm-studio-versterker-300x223.jpg 300w, https:\/\/sonusmag.nl\/wp-content\/uploads\/2023\/11\/jtm-studio-versterker-16x12.jpg 16w, https:\/\/sonusmag.nl\/wp-content\/uploads\/2023\/11\/jtm-studio-versterker-585x434.jpg 585w, https:\/\/sonusmag.nl\/wp-content\/uploads\/2023\/11\/jtm-studio-versterker.jpg 620w\" sizes=\"(max-width: 300px) 100vw, 300px\" \/><\/a><p id=\"caption-attachment-7436\" class=\"wp-caption-text\">Le Marshall Studio JTM<\/p><\/div>\n<p><strong>Le JTM45 original a re\u00e7u les \u00e9loges de musiciens tels que Gary Moore, Richie Blackmore et Angus Young pour avoir donn\u00e9 plus de tonalit\u00e9, de gain et d'intensit\u00e9 \u00e0 leur son.<\/strong> Reproduisant m\u00e9ticuleusement le son de la JTM et fabriqu\u00e9 \u00e0 la main dans l'atelier britannique de Milton Keynes, le Studio JTM a \u00e9t\u00e9 d\u00e9velopp\u00e9 avec le m\u00eame \u00e9tat d'esprit que son pr\u00e9d\u00e9cesseur.<\/p>\n<p>Le JTM45 original a \u00e9t\u00e9 fabriqu\u00e9 par Terry Marshall, le fils de Jim Marshall, qui a d\u00e9clar\u00e9 : \"<em>Quand on m'a montr\u00e9 le StudioJTM, cela m'a ramen\u00e9 \u00e0 mon JTM45 original, c'\u00e9tait mon son.J'ai le sentiment que ce sera quelque chose de g\u00e9nial.<\/em>&#8221;<\/p>\n<p><span style=\"color: #ff0000;\"><em><strong>Regarde une vid\u00e9o promotionnelle :<\/strong><\/em><\/span><\/p>\n<div class=\"lyte-wrapper\" style=\"width:640px;max-width:100%;margin:5px;\"><div class=\"lyMe hidef\" id=\"WYL_yI4pz2IH_M8\"><div id=\"lyte_yI4pz2IH_M8\" data-src=\"https:\/\/sonusmag.nl\/wp-content\/plugins\/wp-youtube-lyte\/lyteCache.php?origThumbUrl=%2F%2Fi.ytimg.com%2Fvi%2FyI4pz2IH_M8%2Fhqdefault.jpg\" class=\"pL\"><div class=\"tC\"><div class=\"tT\"><\/div><\/div><div class=\"play\"><\/div><div class=\"ctrl\"><div class=\"Lctrl\"><\/div><div class=\"Rctrl\"><\/div><\/div><\/div><noscript><a href=\"https:\/\/youtu.be\/yI4pz2IH_M8\" rel=\"nofollow noopener\" target=\"_blank\"><img decoding=\"async\" src=\"https:\/\/sonusmag.nl\/wp-content\/plugins\/wp-youtube-lyte\/lyteCache.php?origThumbUrl=https%3A%2F%2Fi.ytimg.com%2Fvi%2FyI4pz2IH_M8%2F0.jpg\" alt=\"Miniature de vid\u00e9o YouTube\" width=\"640\" height=\"340\" \/><br \/>Lire cette vid\u00e9o sur YouTube<\/a><\/noscript><\/div><\/div><div class=\"lL\" style=\"max-width:100%;width:640px;margin:5px;\"><\/div><\/p>\n<p>Le Studio JTM a \u00e9t\u00e9 con\u00e7u dans un souci de portabilit\u00e9. Avec une taille et un poids inf\u00e9rieurs \u00e0 ceux de son pr\u00e9d\u00e9cesseur, sans sacrifier la qualit\u00e9 du son, l'ampli est facile \u00e0 transporter et convient \u00e0 une utilisation dans divers environnements.<\/p>\n<p>Le Studio JTM utilise un grand nombre des m\u00eames composants qui ont contribu\u00e9 \u00e0 l'embl\u00e9matique JTMtone, notamment les haut-parleurs Celestion G12M-65 Creamback, le s\u00e9parateur de phase ECC83 et les tubes d'amplificateur de puissance 5881. <strong>Il en r\u00e9sulte un m\u00e9lange distinctif de son chaud, grondant et polyvalent qui te ram\u00e8ne \u00e0 la renaissance du rock and roll !<\/strong><\/p>\n<h3>Prix et disponibilit\u00e9<\/h3>\n<p><span style=\"color: #008000;\"><strong>Le Studio JTM est maintenant disponible en pr\u00e9-commande pour <span class=\"price__symbol\">\u20ac<\/span>899. La livraison commencera vers le d\u00e9but du mois de septembre 2023.<\/strong><\/span><\/p>\n<p><strong><em><span style=\"color: #ff0000;\">Regarde l'ampli sur Thomann.de :<\/span><\/em><\/strong><\/p>\n<div id=\"cf-productswidget-73\" class=\"cf-productswidget\"><\/div>\n<p><script src=\"https:\/\/thomann.clickfire.de\/Creatives\/GetProductsWidgetJS\/jlKf1a9PQwOJgUsoGm8aNuR58P3g2\"><\/script><\/p>","protected":false},"excerpt":{"rendered":"<p>Le nouveau Marshall Studio JTM a \u00e9t\u00e9 cr\u00e9\u00e9 pour donner aux guitaristes d'aujourd'hui le m\u00eame son c\u00e9l\u00e8bre, chaud et doux que...<\/p>","protected":false},"author":1,"featured_media":7437,"comment_status":"open","ping_status":"open","sticky":false,"template":"","format":"standard","meta":{"_lmt_disableupdate":"","_lmt_disable":"","footnotes":""},"categories":[41],"tags":[36,37,38,39,40],"class_list":["post-7435","post","type-post","status-publish","format-standard","has-post-thumbnail","hentry","category-versterkers","tag-amp","tag-gitaarversterker","tag-jtm","tag-marshall","tag-versterker"],"_links":{"self":[{"href":"https:\/\/sonusmag.nl\/fr\/wp-json\/wp\/v2\/posts\/7435","targetHints":{"allow":["GET"]}}],"collection":[{"href":"https:\/\/sonusmag.nl\/fr\/wp-json\/wp\/v2\/posts"}],"about":[{"href":"https:\/\/sonusmag.nl\/fr\/wp-json\/wp\/v2\/types\/post"}],"author":[{"embeddable":true,"href":"https:\/\/sonusmag.nl\/fr\/wp-json\/wp\/v2\/users\/1"}],"replies":[{"embeddable":true,"href":"https:\/\/sonusmag.nl\/fr\/wp-json\/wp\/v2\/comments?post=7435"}],"version-history":[{"count":0,"href":"https:\/\/sonusmag.nl\/fr\/wp-json\/wp\/v2\/posts\/7435\/revisions"}],"wp:featuredmedia":[{"embeddable":true,"href":"https:\/\/sonusmag.nl\/fr\/wp-json\/wp\/v2\/media\/7437"}],"wp:attachment":[{"href":"https:\/\/sonusmag.nl\/fr\/wp-json\/wp\/v2\/media?parent=7435"}],"wp:term":[{"taxonomy":"category","embeddable":true,"href":"https:\/\/sonusmag.nl\/fr\/wp-json\/wp\/v2\/categories?post=7435"},{"taxonomy":"post_tag","embeddable":true,"href":"https:\/\/sonusmag.nl\/fr\/wp-json\/wp\/v2\/tags?post=7435"}],"curies":[{"name":"wp","href":"https:\/\/api.w.org\/{rel}","templated":true}]}}