{"id":7268,"date":"2021-11-27T16:25:33","date_gmt":"2021-11-27T16:25:33","guid":{"rendered":"https:\/\/sonusmag.nl\/?p=7268"},"modified":"2023-11-07T12:46:39","modified_gmt":"2023-11-07T12:46:39","slug":"lavalier-ii-nouveau-microphone-rouge","status":"publish","type":"post","link":"https:\/\/sonusmag.nl\/fr\/lavalier-ii-nouveau-microphone-rouge\/","title":{"rendered":"Lavalier II - le nouveau microphone \u00e0 pince de RODE"},"content":{"rendered":"<p><em><strong>Le nouveau microphone \u00e0 pince Lavalier II de Rode est con\u00e7u pour les radios, les contenus et les vid\u00e9astes.<\/strong><\/em><br \/>\n<em><strong>Ce microphone discret devrait correspondre parfaitement \u00e0 des appareils tels que le Rode Wireless GO II et l'AI-Micro, gr\u00e2ce \u00e0 sa r\u00e9ponse en fr\u00e9quence lin\u00e9aire et \u00e0 sa nature omnidirectionnelle.<\/strong><\/em><br \/>\n<em><strong>Les produits RODE te permettent de cr\u00e9er un syst\u00e8me d'enregistrement audio de haute qualit\u00e9 dans presque tous les environnements.<\/strong><\/em><\/p>\n<h3>De nombreuses applications<\/h3>\n<div id=\"attachment_5203\" style=\"width: 232px\" class=\"wp-caption alignleft\"><a href=\"https:\/\/sonusmag.nl\/wp-content\/uploads\/2021\/11\/rode-lavelier-2-mic.jpg\" data-rel=\"penci-gallery-image-content\" ><img decoding=\"async\" aria-describedby=\"caption-attachment-5203\" class=\"wp-image-5203\" src=\"https:\/\/sonusmag.nl\/wp-content\/uploads\/2021\/11\/rode-lavelier-2-mic.jpg\" alt=\"Microphone RED Lavalier II\" width=\"222\" height=\"222\" srcset=\"https:\/\/sonusmag.nl\/wp-content\/uploads\/2021\/11\/rode-lavelier-2-mic.jpg 1000w, https:\/\/sonusmag.nl\/wp-content\/uploads\/2021\/11\/rode-lavelier-2-mic-300x300.jpg 300w, https:\/\/sonusmag.nl\/wp-content\/uploads\/2021\/11\/rode-lavelier-2-mic-150x150.jpg 150w, https:\/\/sonusmag.nl\/wp-content\/uploads\/2021\/11\/rode-lavelier-2-mic-768x768.jpg 768w, https:\/\/sonusmag.nl\/wp-content\/uploads\/2021\/11\/rode-lavelier-2-mic-585x585.jpg 585w\" sizes=\"(max-width: 222px) 100vw, 222px\" \/><\/a><p id=\"caption-attachment-5203\" class=\"wp-caption-text\">RED Lavalier II<\/p><\/div>\n<p>Le Rode Lavalier II pourrait devenir un microphone \u00e0 pince populaire pour la radiodiffusion, la production vid\u00e9o et d'autres applications.<br \/>\n<strong>Le microphone poss\u00e8de une capsule de 6 mm avec une r\u00e9ponse en fr\u00e9quence exceptionnellement plate, selon le fabricant.<\/strong><br \/>\nIl comprend \u00e9galement un petit clip pour l'attacher discr\u00e8tement aux v\u00eatements.<br \/>\nLe c\u00e2ble plat devrait \u00e9galement permettre de dissimuler le lavalier dans tes v\u00eatements.<\/p>\n<div id=\"attachment_5206\" style=\"width: 228px\" class=\"wp-caption alignright\"><a href=\"https:\/\/sonusmag.nl\/wp-content\/uploads\/2021\/11\/rode-lavalier-2-accecoires.jpg\" data-rel=\"penci-gallery-image-content\" ><img decoding=\"async\" aria-describedby=\"caption-attachment-5206\" class=\"wp-image-5206\" src=\"https:\/\/sonusmag.nl\/wp-content\/uploads\/2021\/11\/rode-lavalier-2-accecoires.jpg\" alt=\"Accessoires RODE Lavalier II\" width=\"218\" height=\"218\" srcset=\"https:\/\/sonusmag.nl\/wp-content\/uploads\/2021\/11\/rode-lavalier-2-accecoires.jpg 1000w, https:\/\/sonusmag.nl\/wp-content\/uploads\/2021\/11\/rode-lavalier-2-accecoires-300x300.jpg 300w, https:\/\/sonusmag.nl\/wp-content\/uploads\/2021\/11\/rode-lavalier-2-accecoires-150x150.jpg 150w, https:\/\/sonusmag.nl\/wp-content\/uploads\/2021\/11\/rode-lavalier-2-accecoires-768x768.jpg 768w, https:\/\/sonusmag.nl\/wp-content\/uploads\/2021\/11\/rode-lavalier-2-accecoires-585x585.jpg 585w\" sizes=\"(max-width: 218px) 100vw, 218px\" \/><\/a><p id=\"caption-attachment-5206\" class=\"wp-caption-text\">Accessoires Lavalier II<\/p><\/div>\n<p><strong>Pour un microphone qui ne p\u00e8se que 9 grammes, les donn\u00e9es techniques propos\u00e9es sont assez stup\u00e9fiantes.<\/strong><br \/>\nLe Lavalier II a une r\u00e9ponse en fr\u00e9quence lin\u00e9aire de 20 Hz \u00e0 20 kHz, un rapport signal\/bruit de 67 dB et une plage dynamique de 79 dB, selon RODE.<br \/>\n106 dB SPL RMS est le niveau de pression acoustique maximal.<br \/>\nUne fiche de verrouillage jack 3,5 mm est utilis\u00e9e pour connecter les appareils.<br \/>\nUne fiche (1,8-5 V) est utilis\u00e9e pour alimenter le Lavalier II.<\/p>\n<h3>Accessoires<\/h3>\n<p>Le microphone est livr\u00e9 avec une pl\u00e9thore d'accessoires, comme on peut s'y attendre.<br \/>\nQuatre anneaux de couleur sont inclus, en plus d'un filtre anti-pop et d'un pare-brise pour l'ext\u00e9rieur, afin d'identifier facilement les diff\u00e9rents microphones.<br \/>\nIl est \u00e9galement livr\u00e9 avec une pince pour microphone et un \u00e9tui zipp\u00e9.<\/p>\n<p><span style=\"color: #ff0000;\"><em><strong>Regarde la vid\u00e9o promotionnelle :<\/strong><\/em><\/span><\/p>\n<div class=\"lyte-wrapper\" title=\"Caract\u00e9ristiques et sp\u00e9cifications du Lavalier II\" style=\"width:640px;max-width:100%;margin:5px;\"><div class=\"lyMe hidef\" id=\"WYL_DGLjPMPIIKE\"><div id=\"lyte_DGLjPMPIIKE\" data-src=\"https:\/\/sonusmag.nl\/wp-content\/plugins\/wp-youtube-lyte\/lyteCache.php?origThumbUrl=https%3A%2F%2Fi.ytimg.com%2Fvi%2FDGLjPMPIIKE%2Fmaxresdefault.jpg\" class=\"pL\"><div class=\"tC\"><div class=\"tT\">Caract\u00e9ristiques et sp\u00e9cifications du Lavalier II<\/div><\/div><div class=\"play\"><\/div><div class=\"ctrl\"><div class=\"Lctrl\"><\/div><div class=\"Rctrl\"><\/div><\/div><\/div><noscript><a href=\"https:\/\/youtu.be\/DGLjPMPIIKE\" rel=\"nofollow noopener\" target=\"_blank\"><img fetchpriority=\"high\" decoding=\"async\" src=\"https:\/\/sonusmag.nl\/wp-content\/plugins\/wp-youtube-lyte\/lyteCache.php?origThumbUrl=https%3A%2F%2Fi.ytimg.com%2Fvi%2FDGLjPMPIIKE%2F0.jpg\" alt=\"Caract\u00e9ristiques et sp\u00e9cifications du Lavalier II\" width=\"640\" height=\"340\" \/><br \/>Lire cette vid\u00e9o sur YouTube<\/a><\/noscript><\/div><\/div><div class=\"lL\" style=\"max-width:100%;width:640px;margin:5px;\"><\/div><\/p>\n<h3>Caract\u00e9ristiques techniques<\/h3>\n<ul>\n<li><em>\u00c9lectronique active : convertisseur d'imp\u00e9dance JFET<\/em><\/li>\n<li><em>Caract\u00e9ristique directionnelle : omnidirectionnelle<\/em><\/li>\n<li><em>Capsule : 6 mm<\/em><\/li>\n<li><em>Plage de transmission : 20 Hz - 20 kHz<\/em><\/li>\n<li><em>Imp\u00e9dance de sortie : 2,2 k\u03a9<\/em><\/li>\n<li><em>Plage dynamique : 79 dB <\/em><\/li>\n<li><em>Alimentation : alimentation enfichable (1,8-5 V)<\/em><\/li>\n<li><em>Poids : 9 g<\/em><\/li>\n<li><em>Longueur du c\u00e2ble : 1200 mm<\/em><\/li>\n<li><em>Rapport signal\/bruit : 67 dB<\/em><\/li>\n<li><em>Bruit propre (pond\u00e9r\u00e9 en A) : 27 dBA<\/em><\/li>\n<li><em>Niveau de pression acoustique maximal : 106 dB SPL RMS (puissance connect\u00e9e, 1% THD) \/ 120 dB SPL <\/em><\/li>\n<li><em>RMS (puissance connect\u00e9e, 10% THD)<\/em><\/li>\n<\/ul>\n<h3>Prix et disponibilit\u00e9<\/h3>\n<p><span style=\"color: #ff0000;\"><strong>Le Rode Lavalier II co\u00fbtera environ 120 euros et sera disponible \u00e0 partir de la fin du mois de d\u00e9cembre.<\/strong><\/span><\/p>\n<p><a href=\"https:\/\/www.rode.com\/microphones\/lavalier-wearable\/lavalier-ii\" target=\"_blank\" rel=\"noopener\"><strong>Plus d'informations sur le site de R\u00d8DE &lt;&lt;<\/strong><\/a><\/p>","protected":false},"excerpt":{"rendered":"<p>Le nouveau microphone \u00e0 pince Lavalier II de Rode est con\u00e7u pour les radios, les contenus et les vid\u00e9astes. Ce microphone discret est cens\u00e9 correspondre id\u00e9alement...<\/p>","protected":false},"author":1,"featured_media":5207,"comment_status":"open","ping_status":"open","sticky":false,"template":"","format":"standard","meta":{"_lmt_disableupdate":"","_lmt_disable":"","footnotes":""},"categories":[43,25,52],"tags":[342,54,55,227],"class_list":["post-7268","post","type-post","status-publish","format-standard","has-post-thumbnail","hentry","category-audio-apparatuur","category-muziek-nieuws","category-vocals","tag-lavalier","tag-mic","tag-microfoon","tag-rode"],"_links":{"self":[{"href":"https:\/\/sonusmag.nl\/fr\/wp-json\/wp\/v2\/posts\/7268","targetHints":{"allow":["GET"]}}],"collection":[{"href":"https:\/\/sonusmag.nl\/fr\/wp-json\/wp\/v2\/posts"}],"about":[{"href":"https:\/\/sonusmag.nl\/fr\/wp-json\/wp\/v2\/types\/post"}],"author":[{"embeddable":true,"href":"https:\/\/sonusmag.nl\/fr\/wp-json\/wp\/v2\/users\/1"}],"replies":[{"embeddable":true,"href":"https:\/\/sonusmag.nl\/fr\/wp-json\/wp\/v2\/comments?post=7268"}],"version-history":[{"count":0,"href":"https:\/\/sonusmag.nl\/fr\/wp-json\/wp\/v2\/posts\/7268\/revisions"}],"wp:featuredmedia":[{"embeddable":true,"href":"https:\/\/sonusmag.nl\/fr\/wp-json\/wp\/v2\/media\/5207"}],"wp:attachment":[{"href":"https:\/\/sonusmag.nl\/fr\/wp-json\/wp\/v2\/media?parent=7268"}],"wp:term":[{"taxonomy":"category","embeddable":true,"href":"https:\/\/sonusmag.nl\/fr\/wp-json\/wp\/v2\/categories?post=7268"},{"taxonomy":"post_tag","embeddable":true,"href":"https:\/\/sonusmag.nl\/fr\/wp-json\/wp\/v2\/tags?post=7268"}],"curies":[{"name":"wp","href":"https:\/\/api.w.org\/{rel}","templated":true}]}}