{"id":7192,"date":"2021-11-04T16:10:39","date_gmt":"2021-11-04T16:10:39","guid":{"rendered":"https:\/\/sonusmag.nl\/?p=7192"},"modified":"2023-11-06T17:25:41","modified_gmt":"2023-11-06T17:25:41","slug":"behringer-edge-synthetiseur-de-percussion-semi-modulaire","status":"publish","type":"post","link":"https:\/\/sonusmag.nl\/fr\/behringer-edge-synthetiseur-de-percussion-semi-modulaire\/","title":{"rendered":"Behringer Edge synth\u00e9tiseur de percussions semi-modulaire"},"content":{"rendered":"<p>D\u00e9crit comme un synth\u00e9 de percussion semi-modulaire avec un chemin de signal purement analogique, l'instrument rose vif a une forme similaire au Crave, qui a \u00e9t\u00e9 lanc\u00e9 en 2019. Behringer a annonc\u00e9 l'instrument 21 octobre sur YouTube et a pr\u00e9sent\u00e9 certaines de ses principales caract\u00e9ristiques.<\/p>\n<p><em><strong>The Edge pr\u00e9sentera :<\/strong><\/em><\/p>\n<ul>\n<li><em>Deux oscillateurs avec formes d'ondes triangulaires et carr\u00e9es<br \/>\n<\/em><\/li>\n<li><em>Un g\u00e9n\u00e9rateur de bruit avec des profils roses et blancs<br \/>\n<\/em><\/li>\n<li><em>Une enveloppe de d\u00e9croissance<br \/>\n<\/em><\/li>\n<li><em>Filtres passe-haut et passe-bas<br \/>\n<\/em><\/li>\n<li><em>S\u00e9quenceurs doubles \u00e0 huit \u00e9tapes avec boutons de hauteur et de v\u00e9locit\u00e9<\/em><\/li>\n<\/ul>\n<p>La partie sup\u00e9rieure de l'instrument est d\u00e9di\u00e9e \u00e0 une vaste baie de brassage, qui devrait offrir de nombreuses possibilit\u00e9s en termes de conception sonore, ou pour s'int\u00e9grer dans une configuration plus large.<\/p>\n<p><span style=\"color: #ff0000;\"><em><strong>Regarde la vid\u00e9o d'introduction :<\/strong><\/em><\/span><\/p>\n<div class=\"lyte-wrapper\" title=\"Pr\u00e9sentation du Behringer EDGE\" style=\"width:640px;max-width:100%;margin:5px;\"><div class=\"lyMe hidef\" id=\"WYL_mJ8t0L8FZrY\"><div id=\"lyte_mJ8t0L8FZrY\" data-src=\"https:\/\/sonusmag.nl\/wp-content\/plugins\/wp-youtube-lyte\/lyteCache.php?origThumbUrl=https%3A%2F%2Fi.ytimg.com%2Fvi%2FmJ8t0L8FZrY%2Fmaxresdefault.jpg\" class=\"pL\"><div class=\"tC\"><div class=\"tT\">Pr\u00e9sentation du Behringer EDGE<\/div><\/div><div class=\"play\"><\/div><div class=\"ctrl\"><div class=\"Lctrl\"><\/div><div class=\"Rctrl\"><\/div><\/div><\/div><noscript><a href=\"https:\/\/youtu.be\/mJ8t0L8FZrY\" rel=\"nofollow noopener\" target=\"_blank\"><img fetchpriority=\"high\" decoding=\"async\" src=\"https:\/\/sonusmag.nl\/wp-content\/plugins\/wp-youtube-lyte\/lyteCache.php?origThumbUrl=https%3A%2F%2Fi.ytimg.com%2Fvi%2FmJ8t0L8FZrY%2F0.jpg\" alt=\"Pr\u00e9sentation du Behringer EDGE\" width=\"640\" height=\"340\" \/><br \/>Lire cette vid\u00e9o sur YouTube<\/a><\/noscript><\/div><\/div><div class=\"lL\" style=\"max-width:100%;width:640px;margin:5px;\"><\/div><\/p>\n<p>Il y a \u00e9galement une prise en charge du MIDI via les ports d'entr\u00e9e et de sortie sur le panneau arri\u00e8re, ainsi que de l'USB 2.0, ce qui devrait donner \u00e0 l'instrument une plus grande contr\u00f4labilit\u00e9 lorsqu'il travaille dans des DAW.<br \/>\nEdge a \u00e9t\u00e9 con\u00e7u comme un acolyte du synth\u00e9 Crave de Behringer, dont le design est largement d\u00e9riv\u00e9. Le prix est de $219, mais nous ne savons pas encore quand il arrivera sur le march\u00e9.<\/p>","protected":false},"excerpt":{"rendered":"<p>D\u00e9crit comme un synth\u00e9tiseur de percussion semi-modulaire avec un chemin de signal analogique pur, l'instrument rose vif a une forme similaire \u00e0...<\/p>","protected":false},"author":1,"featured_media":3987,"comment_status":"open","ping_status":"open","sticky":false,"template":"","format":"standard","meta":{"_lmt_disableupdate":"","_lmt_disable":"","footnotes":""},"categories":[25,34],"tags":[99,275,276,277,80],"class_list":["post-7192","post","type-post","status-publish","format-standard","has-post-thumbnail","hentry","category-muziek-nieuws","category-toetsen","tag-behringer","tag-crave","tag-edge","tag-modulair","tag-synth"],"_links":{"self":[{"href":"https:\/\/sonusmag.nl\/fr\/wp-json\/wp\/v2\/posts\/7192","targetHints":{"allow":["GET"]}}],"collection":[{"href":"https:\/\/sonusmag.nl\/fr\/wp-json\/wp\/v2\/posts"}],"about":[{"href":"https:\/\/sonusmag.nl\/fr\/wp-json\/wp\/v2\/types\/post"}],"author":[{"embeddable":true,"href":"https:\/\/sonusmag.nl\/fr\/wp-json\/wp\/v2\/users\/1"}],"replies":[{"embeddable":true,"href":"https:\/\/sonusmag.nl\/fr\/wp-json\/wp\/v2\/comments?post=7192"}],"version-history":[{"count":0,"href":"https:\/\/sonusmag.nl\/fr\/wp-json\/wp\/v2\/posts\/7192\/revisions"}],"wp:featuredmedia":[{"embeddable":true,"href":"https:\/\/sonusmag.nl\/fr\/wp-json\/wp\/v2\/media\/3987"}],"wp:attachment":[{"href":"https:\/\/sonusmag.nl\/fr\/wp-json\/wp\/v2\/media?parent=7192"}],"wp:term":[{"taxonomy":"category","embeddable":true,"href":"https:\/\/sonusmag.nl\/fr\/wp-json\/wp\/v2\/categories?post=7192"},{"taxonomy":"post_tag","embeddable":true,"href":"https:\/\/sonusmag.nl\/fr\/wp-json\/wp\/v2\/tags?post=7192"}],"curies":[{"name":"wp","href":"https:\/\/api.w.org\/{rel}","templated":true}]}}