{"id":7164,"date":"2021-10-26T14:48:48","date_gmt":"2021-10-26T14:48:48","guid":{"rendered":"https:\/\/sonusmag.nl\/?p=7164"},"modified":"2023-11-06T16:24:43","modified_gmt":"2023-11-06T16:24:43","slug":"apple-airpods-pro-2-leaked-new-design","status":"publish","type":"post","link":"https:\/\/sonusmag.nl\/fr\/apple-airpods-pro-2-leaked-new-design\/","title":{"rendered":"Apple Airpods Pro 2 divulgu\u00e9 - Nouveau design ?"},"content":{"rendered":"<p><strong><em>Avec l'\u00e9v\u00e9nement Unleashed derri\u00e8re eux au d\u00e9but du mois, les d\u00e9veloppements en mati\u00e8re d'audio spatial attirent l'attention sur les \u00e9couteurs \u00e0 r\u00e9duction de bruit active de la gamme d'Apple. Selon des fuites d'images re\u00e7ues par MacRumors de la part d'un utilisateur connu uniquement sous le nom de \"Xerxes\", Apple pr\u00e9voit de sortir une mise \u00e0 jour de ses \u00e9couteurs sans fil les AirPods Pro 2 au d\u00e9but de l'ann\u00e9e 2022.<\/em> <\/strong><\/p>\n<p>Bien que l'information provienne d'une source non confirm\u00e9e, elle pourrait \u00eatre plausible, car jusqu'\u00e0 pr\u00e9sent, plusieurs sources ont m\u00eame sugg\u00e9r\u00e9 une sortie cette ann\u00e9e, ce qui semble tout de m\u00eame \u00e9trange \u00e0 ce stade, et le fil Twitter d'Apple Leaks Pro a sugg\u00e9r\u00e9 que nous pourrions attendre jusqu'\u00e0 l'automne 2022.<\/p>\n<h3>Le design des AirPods Pro 2<\/h3>\n<p>En juin de cette ann\u00e9e, Kevin Lynch, cadre d'Apple, a subtilement sugg\u00e9r\u00e9 lors d'un entretien avec la publication Techcrunch que la biom\u00e9trie pourrait \u00eatre l'un des aspects les plus importants des AirPods \u00e0 l'avenir.<br \/>\nCela fait suite \u00e0 des rapports selon lesquels les AirPods Pro 2 seront repens\u00e9s avec des capacit\u00e9s de suivi des mouvements pour se concentrer sur les fonctionnalit\u00e9s d'int\u00e9gration de la sant\u00e9 et du fitness.<\/p>\n<p>Bien s\u00fbr, Lynch n'a pas fait allusion au d\u00e9veloppement d'un mod\u00e8le, mais il a d\u00e9clar\u00e9 que \"la fusion des capteurs a toutes sortes de potentialit\u00e9s.\" Si l'on consid\u00e8re l'Apple Watch et l'iPhone r\u00e9cemment sortis et la fa\u00e7on dont les AirPods ont \u00e9t\u00e9 int\u00e9gr\u00e9s jusqu'\u00e0 pr\u00e9sent, cette technologie pourrait permettre d'am\u00e9liorer le suivi des donn\u00e9es de deux groupes distincts de capteurs au sein d'un m\u00eame appareil.<\/p>\n<div id=\"attachment_3912\" style=\"width: 608px\" class=\"wp-caption alignnone\"><a href=\"https:\/\/sonusmag.nl\/wp-content\/uploads\/2021\/10\/airpods-2-pro-gelekt.jpg\" data-rel=\"penci-gallery-image-content\" ><img fetchpriority=\"high\" decoding=\"async\" aria-describedby=\"caption-attachment-3912\" class=\"wp-image-3912 size-full\" src=\"https:\/\/sonusmag.nl\/wp-content\/uploads\/2021\/10\/airpods-2-pro-gelekt.jpg\" alt=\"Fuite des Airpods Pro 2\" width=\"598\" height=\"417\" srcset=\"https:\/\/sonusmag.nl\/wp-content\/uploads\/2021\/10\/airpods-2-pro-gelekt.jpg 598w, https:\/\/sonusmag.nl\/wp-content\/uploads\/2021\/10\/airpods-2-pro-gelekt-300x209.jpg 300w, https:\/\/sonusmag.nl\/wp-content\/uploads\/2021\/10\/airpods-2-pro-gelekt-585x408.jpg 585w\" sizes=\"(max-width: 598px) 100vw, 598px\" \/><\/a><p id=\"caption-attachment-3912\" class=\"wp-caption-text\">Nouveau design des Airpods Pro 2 - via MacRumors<\/p><\/div>\n<p>Comme le sugg\u00e8re un rapport de Digitimes, les fonctionnalit\u00e9s qui permettent de surveiller l'oxyg\u00e8ne dans le sang sur l'Apple Watch Series 6 pourraient \u00e9galement capturer d'autres donn\u00e9es biom\u00e9triques en mesurant la lumi\u00e8re ambiante dans un environnement, nous pourrions donc tr\u00e8s bien les voir avec les AirPods Pro 2.<br \/>\nAvec cette mise \u00e0 jour, on peut \u00e9galement s'attendre \u00e0 des am\u00e9liorations de l'efficacit\u00e9 \u00e9nerg\u00e9tique, tandis que la puce Apple H1 actuelle prend en charge des fonctions telles que l'\u00e9galisation adaptative et la r\u00e9duction de la latence audio.<\/p>\n<p>Les nouveaux AirPods Pro devraient offrir des performances globales et une exp\u00e9rience utilisateur encore meilleures, avec la prise en charge de l'audio spatial. Nous imaginons que le prix sera proche du mod\u00e8le pr\u00e9c\u00e9dent qui \u00e9tait de 249 \u20ac, et bien que le design des images qui ont fuit\u00e9 semble conservateur, elles ne confirment pas l'apparence du produit final.<\/p>","protected":false},"excerpt":{"rendered":"<p>Apr\u00e8s l'\u00e9v\u00e9nement Unleashed qui s'est d\u00e9roul\u00e9 au d\u00e9but du mois, les d\u00e9veloppements en mati\u00e8re d'audio spatial attirent l'attention...<\/p>","protected":false},"author":1,"featured_media":3911,"comment_status":"open","ping_status":"open","sticky":false,"template":"","format":"standard","meta":{"_lmt_disableupdate":"","_lmt_disable":"","footnotes":""},"categories":[25],"tags":[237,238,109,239],"class_list":["post-7164","post","type-post","status-publish","format-standard","has-post-thumbnail","hentry","category-muziek-nieuws","tag-airpods","tag-apple","tag-koptelefoon","tag-oordopjes"],"_links":{"self":[{"href":"https:\/\/sonusmag.nl\/fr\/wp-json\/wp\/v2\/posts\/7164","targetHints":{"allow":["GET"]}}],"collection":[{"href":"https:\/\/sonusmag.nl\/fr\/wp-json\/wp\/v2\/posts"}],"about":[{"href":"https:\/\/sonusmag.nl\/fr\/wp-json\/wp\/v2\/types\/post"}],"author":[{"embeddable":true,"href":"https:\/\/sonusmag.nl\/fr\/wp-json\/wp\/v2\/users\/1"}],"replies":[{"embeddable":true,"href":"https:\/\/sonusmag.nl\/fr\/wp-json\/wp\/v2\/comments?post=7164"}],"version-history":[{"count":0,"href":"https:\/\/sonusmag.nl\/fr\/wp-json\/wp\/v2\/posts\/7164\/revisions"}],"wp:featuredmedia":[{"embeddable":true,"href":"https:\/\/sonusmag.nl\/fr\/wp-json\/wp\/v2\/media\/3911"}],"wp:attachment":[{"href":"https:\/\/sonusmag.nl\/fr\/wp-json\/wp\/v2\/media?parent=7164"}],"wp:term":[{"taxonomy":"category","embeddable":true,"href":"https:\/\/sonusmag.nl\/fr\/wp-json\/wp\/v2\/categories?post=7164"},{"taxonomy":"post_tag","embeddable":true,"href":"https:\/\/sonusmag.nl\/fr\/wp-json\/wp\/v2\/tags?post=7164"}],"curies":[{"name":"wp","href":"https:\/\/api.w.org\/{rel}","templated":true}]}}