{"id":7309,"date":"2021-12-22T15:13:35","date_gmt":"2021-12-22T15:13:35","guid":{"rendered":"https:\/\/sonusmag.nl\/?p=7309"},"modified":"2023-11-07T13:28:06","modified_gmt":"2023-11-07T13:28:06","slug":"black-k-phaser","status":"publish","type":"post","link":"https:\/\/sonusmag.nl\/de\/black-k-phaser\/","title":{"rendered":"Der schwarze K-Phaser von Erica Synths"},"content":{"rendered":"<p><em><strong>Erica Synths hat den Black K-Phaser ver\u00f6ffentlicht, eine Variation eines ber\u00fchmten, genredefinierenden Effektger\u00e4ts, das als Krautrock Phaser bekannt ist.<\/strong><\/em><br \/>\n<em><strong>Der Erica Synths Black K-Phaser ist eine Hommage an die deutschen Pioniere der elektronischen Musik. <\/strong><\/em><\/p>\n<h3>Einzigartige Merkmale<\/h3>\n<p><strong>Laut der Website:<\/strong> \"Das Grundkonzept von acht Allpassfiltern mit Fotowiderst\u00e4nden wurde im Black K-Phaser beibehalten, aber die Filter und die Modulationsschaltung wurden modifiziert und weitere einzigartige Merkmale hinzugef\u00fcgt.<\/p>\n<p>Die Anzahl der Filterstufen im Resonanzpfad kann mit einem Dip-Schalter gew\u00e4hlt werden, und der Resonanzabschw\u00e4cher sorgt f\u00fcr nie zuvor geh\u00f6rte R\u00fcckkopplungsartefakte.<br \/>\nIm SPREAD-Modus werden die Allpass-Filter verstimmt, um einen noch klareren Sound zu erzielen.<\/p>\n<p>Die Modulationsm\u00f6glichkeiten des Phasers wurden um einen eingebauten spannungsgesteuerten LFO mit konfigurierbaren Wellenformen erweitert, der auch als unabh\u00e4ngige Modulationsquelle f\u00fcr dein Modularsystem verwendet werden kann.\"<\/p>\n<p><em><strong>Schau dir ein Demo-Video an:<\/strong><\/em><br \/>\n<div class=\"lyte-wrapper\" title=\"Erica Synths K-Phaser Demo\" style=\"width:640px;max-width:100%;margin:5px;\"><div class=\"lyMe hidef\" id=\"WYL_OrwrZTslv4E\"><div id=\"lyte_OrwrZTslv4E\" data-src=\"https:\/\/sonusmag.nl\/wp-content\/plugins\/wp-youtube-lyte\/lyteCache.php?origThumbUrl=https%3A%2F%2Fi.ytimg.com%2Fvi%2FOrwrZTslv4E%2Fmaxresdefault.jpg\" class=\"pL\"><div class=\"tC\"><div class=\"tT\">Erica Synths K-Phaser Demo<\/div><\/div><div class=\"play\"><\/div><div class=\"ctrl\"><div class=\"Lctrl\"><\/div><div class=\"Rctrl\"><\/div><\/div><\/div><noscript><a href=\"https:\/\/youtu.be\/OrwrZTslv4E\" rel=\"nofollow noopener\" target=\"_blank\"><img fetchpriority=\"high\" decoding=\"async\" src=\"https:\/\/sonusmag.nl\/wp-content\/plugins\/wp-youtube-lyte\/lyteCache.php?origThumbUrl=https%3A%2F%2Fi.ytimg.com%2Fvi%2FOrwrZTslv4E%2F0.jpg\" alt=\"Erica Synths K-Phaser Demo\" width=\"640\" height=\"340\" \/><br \/>Dieses Video auf YouTube ansehen<\/a><\/noscript><\/div><\/div><div class=\"lL\" style=\"max-width:100%;width:640px;margin:5px;\"><\/div><\/p>\n<h3>Spezifikationen<\/h3>\n<ul>\n<li><em>8 Allpassfilter mit Fotowiderstandssteuerung<\/em><\/li>\n<li><em>Klassischer und Spread (Filter Verstimmung) Modus<\/em><\/li>\n<li><em>Resonanzwandler<\/em><\/li>\n<li><em>W\u00e4hlbarer Resonanzweg<\/em><\/li>\n<li><em>Eingebauter VC LFO mit eigenem Ausgang<\/em><\/li>\n<li><em>Gesetzesentzug<\/em><\/li>\n<\/ul>\n<h3>Preis und Verf\u00fcgbarkeit<\/h3>\n<p>Der Black K-Phaser wird 190 \u20ac kosten und ab dem 27. Dezember 2021 im Handel erh\u00e4ltlich sein.<\/p>\n<p><a href=\"https:\/\/www.ericasynths.lv\/shop\/eurorack-modules\/by-series\/black-series\/black-k-phaser\/\" target=\"_blank\" rel=\"noopener\"><strong>Zur Bestellung auf der offiziellen Website &lt;&lt;<\/strong><\/a><\/p>","protected":false},"excerpt":{"rendered":"<p>Erica Synths hat den Black K-Phaser ver\u00f6ffentlicht, eine Variation eines ber\u00fchmten, genrepr\u00e4genden Effektger\u00e4ts, das als Krautrock-Effektger\u00e4t bekannt...<\/p>","protected":false},"author":1,"featured_media":5424,"comment_status":"open","ping_status":"open","sticky":false,"template":"","format":"standard","meta":{"_lmt_disableupdate":"","_lmt_disable":"","footnotes":""},"categories":[43,25],"tags":[128,304,404,405,285,406],"class_list":["post-7309","post","type-post","status-publish","format-standard","has-post-thumbnail","hentry","category-audio-apparatuur","category-muziek-nieuws","tag-effect","tag-geluidsstudio","tag-homestudio","tag-krautrock","tag-module","tag-phaser"],"_links":{"self":[{"href":"https:\/\/sonusmag.nl\/de\/wp-json\/wp\/v2\/posts\/7309","targetHints":{"allow":["GET"]}}],"collection":[{"href":"https:\/\/sonusmag.nl\/de\/wp-json\/wp\/v2\/posts"}],"about":[{"href":"https:\/\/sonusmag.nl\/de\/wp-json\/wp\/v2\/types\/post"}],"author":[{"embeddable":true,"href":"https:\/\/sonusmag.nl\/de\/wp-json\/wp\/v2\/users\/1"}],"replies":[{"embeddable":true,"href":"https:\/\/sonusmag.nl\/de\/wp-json\/wp\/v2\/comments?post=7309"}],"version-history":[{"count":0,"href":"https:\/\/sonusmag.nl\/de\/wp-json\/wp\/v2\/posts\/7309\/revisions"}],"wp:featuredmedia":[{"embeddable":true,"href":"https:\/\/sonusmag.nl\/de\/wp-json\/wp\/v2\/media\/5424"}],"wp:attachment":[{"href":"https:\/\/sonusmag.nl\/de\/wp-json\/wp\/v2\/media?parent=7309"}],"wp:term":[{"taxonomy":"category","embeddable":true,"href":"https:\/\/sonusmag.nl\/de\/wp-json\/wp\/v2\/categories?post=7309"},{"taxonomy":"post_tag","embeddable":true,"href":"https:\/\/sonusmag.nl\/de\/wp-json\/wp\/v2\/tags?post=7309"}],"curies":[{"name":"wp","href":"https:\/\/api.w.org\/{rel}","templated":true}]}}